{"html":"<article class=\"page-\"><div class=\"Articles flex-sm\"><figure><a href=\"\/hispanic-homeownership-slips-first-time-decade-new-plan-aims-halve-wealth-gap-hispanic-589807\"><picture width=\"570\" height=\"322\" class=\"mapping-small\">\r\n    <source type=\"image\/webp\" srcset=\"https:\/\/d.latintimes.com\/en\/full\/583831\/latino-home-ownership-falls.webp?w=570&amp;h=322&amp;f=9da7b9c5a91cc8a8ee62834dacc58939\"><img src=\"https:\/\/d.latintimes.com\/en\/full\/583831\/latino-home-ownership-falls.jpg?w=570&amp;h=322&amp;f=9da7b9c5a91cc8a8ee62834dacc58939\" alt=\"Latino home ownership falls \" width=\"570\" height=\"322\" class=\"mapping-small\" loading=\"lazy\" \/><\/picture><\/a><\/figure><div class=\"content\"><div class=\"category \"><a href=\"\/\" class=\"active\"><\/a><\/div><h3><a href=\"\/hispanic-homeownership-slips-first-time-decade-new-plan-aims-halve-wealth-gap-hispanic-589807\">Hispanic Homeownership Slips For First Time In A Decade As New Plan Aims To Halve Wealth Gap<\/a><\/h3><summary>The Hispanic homeownership rate fell in 2024 for the first time in ten years, even as the total number of Latino homeowners rose and a new plan set a bold target to narrow the wealth divide. The findings come from the Hispanic Wealth Project's latest State of Hispanic Wealth Report.<\/summary><\/div><\/div><\/article><article class=\"page-\"><div class=\"Articles flex-sm\"><figure><a href=\"\/ice-agents-accused-using-5-year-old-girl-autism-pressure-father-massachusetts-arrest-589802\"><picture width=\"570\" height=\"322\" class=\"mapping-small\">\r\n    <source type=\"image\/webp\" srcset=\"https:\/\/d.latintimes.com\/en\/full\/582668\/ice-romeo-cancer.webp?w=570&amp;h=322&amp;f=1f425c26f1a0a2c8d0a61c30867df002\"><img src=\"https:\/\/d.latintimes.com\/en\/full\/582668\/ice-romeo-cancer.jpg?w=570&amp;h=322&amp;f=1f425c26f1a0a2c8d0a61c30867df002\" alt=\"ice romeo cancer\" width=\"570\" height=\"322\" class=\"mapping-small\" loading=\"lazy\" \/><\/picture><\/a><\/figure><div class=\"content\"><div class=\"category \"><a href=\"\/\" class=\"active\"><\/a><\/div><h3><a href=\"\/ice-agents-accused-using-5-year-old-girl-autism-pressure-father-massachusetts-arrest-589802\">ICE Agents Accused of Using 5-Year-Old Girl with Autism to Pressure Father in Massachusetts Arrest<\/a><\/h3><summary>Immigration and Customs Enforcement (ICE) agents are facing criticism after a family alleged officers briefly held their 5-year-old daughter with autism outside their Massachusetts home in an effort to pressure her father to surrender. Federal officials strongly reject that account, calling it false and offensive.<\/summary><\/div><\/div><\/article><article class=\"page-\"><div class=\"Articles flex-sm\"><figure><a href=\"\/robert-redford-hollywood-giant-who-changed-lives-gael-garci-diego-luna-gonzalez-inarritu-589620\"><picture width=\"570\" height=\"322\" class=\"mapping-small\">\r\n    <source type=\"image\/webp\" srcset=\"https:\/\/d.latintimes.com\/en\/full\/583541\/robert-redford-latinos-gael-motorcycle-diaries.webp?w=570&amp;h=322&amp;f=d167c600193f18eea1c448b1078e5f0f\"><img src=\"https:\/\/d.latintimes.com\/en\/full\/583541\/robert-redford-latinos-gael-motorcycle-diaries.png?w=570&amp;h=322&amp;f=d167c600193f18eea1c448b1078e5f0f\" alt=\"Robert Redford latinos gael Motorcycle Diaries\" width=\"570\" height=\"322\" class=\"mapping-small\" loading=\"lazy\" \/><\/picture><\/a><\/figure><div class=\"content\"><div class=\"category \"><a href=\"\/\" class=\"active\"><\/a><\/div><h3><a href=\"\/robert-redford-hollywood-giant-who-changed-lives-gael-garci-diego-luna-gonzalez-inarritu-589620\">Robert Redford, the Hollywood Giant Who Changed the Lives of Gael Garc\u00eda, Diego Luna, Gonz\u00e1lez I\u00f1\u00e1rritu, Rub\u00e9n Blades and More Latino Artists<\/a><\/h3><summary>Artist, filmmaker, and activist Robert Redford, who died September 16, 2025 at age 89, was one of Hollywood's most enduring stars, but his impact reached far beyond the screen. Through his creation of the Sundance Institute and the Sundance Film Festival, Redford became a mentor and champion for Latin American filmmakers, helping launch the international careers of Alejandro Gonz\u00e1lez I\u00f1\u00e1rritu, Gael Garc\u00eda Bernal, Diego Luna, Patricia Riggen, Rub\u00e9n Blades and many others.<\/summary><\/div><\/div><\/article><article class=\"page-\"><div class=\"Articles flex-sm\"><figure><a href=\"\/latina-women-lead-trumps-latino-collapse-immigration-rhetoric-fails-distract-economic-pain-589583\"><picture width=\"570\" height=\"322\" class=\"mapping-small\">\r\n    <source type=\"image\/webp\" srcset=\"https:\/\/d.latintimes.com\/en\/full\/583507\/trump-loses-latino-supprrt-why.webp?w=570&amp;h=322&amp;f=d0b0dc7c70b0a2d4bd073e9aef346aa1\"><img src=\"https:\/\/d.latintimes.com\/en\/full\/583507\/trump-loses-latino-supprrt-why.jpg?w=570&amp;h=322&amp;f=d0b0dc7c70b0a2d4bd073e9aef346aa1\" alt=\"Trump loses latino supprrt why?\" width=\"570\" height=\"322\" class=\"mapping-small\" loading=\"lazy\" \/><\/picture><\/a><\/figure><div class=\"content\"><div class=\"category \"><a href=\"\/\" class=\"active\"><\/a><\/div><h3><a href=\"\/latina-women-lead-trumps-latino-collapse-immigration-rhetoric-fails-distract-economic-pain-589583\">Latina Women Lead Trump's Latino Collapse as Immigration Rhetoric Fails to Distract From Economic Pain<\/a><\/h3><summary>President Donald Trump's standing among Latino voters has entered dangerous territory, and the warning signs are being led by Latina women. A new poll from Somos Votantes, Somos PAC, and Global Strategy Group shows that Latinas have turned sharply against him, and the shift is reverberating across gender and generational lines.<\/summary><\/div><\/div><\/article><article class=\"page-\"><div class=\"Articles flex-sm\"><figure><a href=\"\/dani-valle-viral-mexican-creator-who-turned-office-life-masterchef-podcast-technicolor-588810\"><picture width=\"570\" height=\"322\" class=\"mapping-small\">\r\n    <source type=\"image\/webp\" srcset=\"https:\/\/d.latintimes.com\/en\/full\/582931\/dani-valle-habla-sobre-sus-seres-cromaticos-master-chef-futuro.webp?w=570&amp;h=322&amp;f=4593a48b08dd8efd533c6bb6f3d93e00\"><img src=\"https:\/\/d.latintimes.com\/en\/full\/582931\/dani-valle-habla-sobre-sus-seres-cromaticos-master-chef-futuro.jpg?w=570&amp;h=322&amp;f=4593a48b08dd8efd533c6bb6f3d93e00\" alt=\"Dani Valle habla sobre sus seres cromaticos, master chef, futuro\" width=\"570\" height=\"322\" class=\"mapping-small\" loading=\"lazy\" \/><\/picture><\/a><\/figure><div class=\"content\"><div class=\"category \"><a href=\"\/\" class=\"active\"><\/a><\/div><h3><a href=\"\/dani-valle-viral-mexican-creator-who-turned-office-life-masterchef-podcast-technicolor-588810\">Dani Valle: The Viral Mexican Creator Who Turned Office Life, MasterChef, and a Podcast Into a Technicolor Story - INTERVIEW<\/a><\/h3><summary>With more than ten million followers across platforms, a hit podcast, and a recent win on MasterChef Celebrity Generaciones, Mexican Internet Star Dani Valle has become a cultural mirror for a generation that spends more time at work than anywhere else, and laughs to keep from crying.<\/summary><\/div><\/div><\/article><article class=\"page-\"><div class=\"Articles flex-sm\"><figure><a href=\"\/jenna-ortega-talks-chicana-identity-growing-coachella-valley-pressure-speaking-spanish-588518\"><picture width=\"570\" height=\"322\" class=\"mapping-small\">\r\n    <source type=\"image\/webp\" srcset=\"https:\/\/d.latintimes.com\/en\/full\/582773\/jenna-ortega-her-spanish-growing-chicana-wednesday.webp?w=570&amp;h=322&amp;f=f948a834a3a587672d4ce70514030329\"><img src=\"https:\/\/d.latintimes.com\/en\/full\/582773\/jenna-ortega-her-spanish-growing-chicana-wednesday.jpg?w=570&amp;h=322&amp;f=f948a834a3a587672d4ce70514030329\" alt=\"Jenna Ortega on her spanish, growing up chicana and Wednesday\" width=\"570\" height=\"322\" class=\"mapping-small\" loading=\"lazy\" \/><\/picture><\/a><\/figure><div class=\"content\"><div class=\"category \"><a href=\"\/\" class=\"active\"><\/a><\/div><h3><a href=\"\/jenna-ortega-talks-chicana-identity-growing-coachella-valley-pressure-speaking-spanish-588518\">Jenna Ortega talks Chicana identity, Growing Up in the Coachella Valley and the pressure of speaking Spanish<\/a><\/h3><summary>The 22-year-old actress, whose Mexican and Puerto Rican heritage has always been part of her public image. In an interview with Vogue Mexico, Jenna Ortega revealed how growing up Chicana in Indio, California shaped her, and why speaking Spanish continues to be a sensitive subject.<\/summary><\/div><\/div><\/article><article class=\"page-\"><div class=\"Articles flex-sm\"><figure><a href=\"\/new-york-family-seeks-help-bring-home-son-killed-puerto-rico-during-trip-see-bad-bunny-588235\"><picture width=\"570\" height=\"322\" class=\"mapping-small\">\r\n    <source type=\"image\/webp\" srcset=\"https:\/\/d.latintimes.com\/en\/full\/582640\/kevin-mares-murdered-puerto-rico-bad-bunny-new-york.webp?w=570&amp;h=322&amp;f=7571d9e7e6017bac9443260cc6d2debd\"><img src=\"https:\/\/d.latintimes.com\/en\/full\/582640\/kevin-mares-murdered-puerto-rico-bad-bunny-new-york.png?w=570&amp;h=322&amp;f=7571d9e7e6017bac9443260cc6d2debd\" alt=\"Kevin Mares murdered Puerto Rico Bad Bunny New York\" width=\"570\" height=\"322\" class=\"mapping-small\" loading=\"lazy\" \/><\/picture><\/a><\/figure><div class=\"content\"><div class=\"category \"><a href=\"\/\" class=\"active\"><\/a><\/div><h3><a href=\"\/new-york-family-seeks-help-bring-home-son-killed-puerto-rico-during-trip-see-bad-bunny-588235\">New York Family Seeks Help to Bring Home Son Killed in Puerto Rico During Trip to See Bad Bunny<\/a><\/h3><summary>Veterinarian student Kevin Mares had traveled from New York to Puerto Rico with his girlfriend and friends to attend a Bad Bunny concert in San Juan. He was murdered on Saturday night.<\/summary><\/div><\/div><\/article><article class=\"page-\"><div class=\"Articles flex-sm\"><figure><a href=\"\/shakira-alejandro-fernandez-step-texas-flood-victims-586515\"><picture width=\"570\" height=\"322\" class=\"mapping-small\">\r\n    <source type=\"image\/webp\" srcset=\"https:\/\/d.latintimes.com\/en\/full\/581037\/alejandro-fernandez-donates-concerts-texas-flood-victims.webp?w=570&amp;h=322&amp;f=beaf9f3d408808b7d49f0310363d6073\"><img src=\"https:\/\/d.latintimes.com\/en\/full\/581037\/alejandro-fernandez-donates-concerts-texas-flood-victims.jpg?w=570&amp;h=322&amp;f=beaf9f3d408808b7d49f0310363d6073\" alt=\"Alejandro Fern\u00e1ndez donates concerts to Texas flood victims\" width=\"570\" height=\"322\" class=\"mapping-small\" loading=\"lazy\" \/><\/picture><\/a><\/figure><div class=\"content\"><div class=\"category \"><a href=\"\/\" class=\"active\"><\/a><\/div><h3><a href=\"\/shakira-alejandro-fernandez-step-texas-flood-victims-586515\">Shakira & Alejandro Fern\u00e1ndez Step In for Texas Flood Victims<\/a><\/h3><summary>El Potrillo will donate proceeds from his concerts in Texas. Before Alejandro Fern\u00e1ndez, Shakira had announced something similar.<\/summary><\/div><\/div><\/article><article class=\"page-\"><div class=\"Articles flex-sm\"><figure><a href=\"\/barbie-launches-first-ever-type-1-diabetes-doll-honors-latina-fitness-star-robin-arzon-586392\"><picture width=\"570\" height=\"322\" class=\"mapping-small\">\r\n    <source type=\"image\/webp\" srcset=\"https:\/\/d.latintimes.com\/en\/full\/580887\/barbie-diabetes-tipo-1-robin-arzon-peloton.webp?w=570&amp;h=322&amp;f=7ecd1c224c5a4b01c1c2c3e435249b21\"><img src=\"https:\/\/d.latintimes.com\/en\/full\/580887\/barbie-diabetes-tipo-1-robin-arzon-peloton.png?w=570&amp;h=322&amp;f=7ecd1c224c5a4b01c1c2c3e435249b21\" alt=\"Barbie diabetes tipo 1 Robin Arz\u00f3n Pelot\u00f3n\" width=\"570\" height=\"322\" class=\"mapping-small\" loading=\"lazy\" \/><\/picture><\/a><\/figure><div class=\"content\"><div class=\"category \"><a href=\"\/\" class=\"active\"><\/a><\/div><h3><a href=\"\/barbie-launches-first-ever-type-1-diabetes-doll-honors-latina-fitness-star-robin-arzon-586392\">Barbie Launches First-Ever Type 1 Diabetes Doll, Honors Latina Fitness Star Robin Arz\u00f3n<\/a><\/h3><summary>Mattel has unveiled the first-ever Barbie doll with Type 1 diabetes, joining its Barbie Fashionistas line in a groundbreaking move toward better representation for children managing chronic health conditions.<\/summary><\/div><\/div><\/article><article class=\"page-\"><div class=\"Articles flex-sm\"><figure><a href=\"\/children-deported-couple-plead-trump-their-return-painful-tiktok-video-585514\"><picture width=\"570\" height=\"322\" class=\"mapping-small\">\r\n    <source type=\"image\/webp\" srcset=\"https:\/\/d.latintimes.com\/en\/full\/579788\/juarez-family.webp?w=570&amp;h=322&amp;f=9c4047186d26b354e57bd38f64b0a59c\"><img src=\"https:\/\/d.latintimes.com\/en\/full\/579788\/juarez-family.png?w=570&amp;h=322&amp;f=9c4047186d26b354e57bd38f64b0a59c\" alt=\"juarez family\" width=\"570\" height=\"322\" class=\"mapping-small\" loading=\"lazy\" \/><\/picture><\/a><\/figure><div class=\"content\"><div class=\"category \"><a href=\"\/\" class=\"active\"><\/a><\/div><h3><a href=\"\/children-deported-couple-plead-trump-their-return-painful-tiktok-video-585514\">Children of Deported Couple Plead With Trump For Their Return on a Painful TikTok Video<\/a><\/h3><summary>Beverly Juarez and her siblings took to social media to plead with President Donald Trump directly for the return of their parents, who were deported.<\/summary><\/div><\/div><\/article><article class=\"page-\"><div class=\"Articles flex-sm\"><figure><a href=\"\/suspect-murdered-navy-soldiers-death-identified-family-attorney-585374\"><picture width=\"570\" height=\"322\" class=\"mapping-small\">\r\n    <source type=\"image\/webp\" srcset=\"https:\/\/d.latintimes.com\/en\/full\/579562\/angelina-resendiz-mom.webp?w=570&amp;h=322&amp;f=a33e5d16279fca4dc94914a86449a093\"><img src=\"https:\/\/d.latintimes.com\/en\/full\/579562\/angelina-resendiz-mom.png?w=570&amp;h=322&amp;f=a33e5d16279fca4dc94914a86449a093\" alt=\"angelina resendiz mom\" width=\"570\" height=\"322\" class=\"mapping-small\" loading=\"lazy\" \/><\/picture><\/a><\/figure><div class=\"content\"><div class=\"category \"><a href=\"\/\" class=\"active\"><\/a><\/div><h3><a href=\"\/suspect-murdered-navy-soldiers-death-identified-family-attorney-585374\">Suspect in Murdered Navy Soldier's Death Identified by Family Attorney<\/a><\/h3><summary>Marshall Griffin, the attorney representing the victim's mother revealed the suspect's name to local news station, WAVY.<\/summary><\/div><\/div><\/article><article class=\"page-\"><div class=\"Articles flex-sm\"><figure><a href=\"\/two-migrants-die-ice-custody-florida-amid-alarming-pattern-negligent-care-report-582364\"><picture width=\"570\" height=\"322\" class=\"mapping-small\">\r\n    <source type=\"image\/webp\" srcset=\"https:\/\/d.latintimes.com\/en\/full\/576155\/deaths-krome-reported-negligence.webp?w=570&amp;h=322&amp;l=53&amp;t=51&amp;f=d133c06f326c765b1b6a9a32f8f7b589\"><img src=\"https:\/\/d.latintimes.com\/en\/full\/576155\/deaths-krome-reported-negligence.jpg?w=570&amp;h=322&amp;l=53&amp;t=51&amp;f=d133c06f326c765b1b6a9a32f8f7b589\" alt=\"Deaths in Krome reported as negligence\" width=\"570\" height=\"322\" class=\"mapping-small\" loading=\"lazy\" \/><\/picture><\/a><\/figure><div class=\"content\"><div class=\"category \"><a href=\"\/\" class=\"active\"><\/a><\/div><h3><a href=\"\/two-migrants-die-ice-custody-florida-amid-alarming-pattern-negligent-care-report-582364\">Two Migrants Die in ICE Custody in Florida Amid Alarming Pattern of Negligent Care - Report<\/a><\/h3><summary>An investigation from The Miami Herald reveals details about the deaths of Maksym Chernyak, 44, and Genry Ruiz-Guillen, 29, both detained in South Florida. The conclusions are devastating.<\/summary><\/div><\/div><\/article><article class=\"page-\"><div class=\"Articles flex-sm\"><figure><a href=\"\/shakiras-las-mujeres-ya-no-lloran-tour-ignites-travel-boom-across-charlotte-arlington-detroit-581868\"><picture width=\"570\" height=\"322\" class=\"mapping-small\">\r\n    <source type=\"image\/webp\" srcset=\"https:\/\/d.latintimes.com\/en\/full\/551291\/shakira-release-party-las-mujeres-no-lloran.webp?w=570&amp;h=322&amp;f=86c9ac2dfa5d45b4b170a7dc8e9e825e\"><img src=\"https:\/\/d.latintimes.com\/en\/full\/551291\/shakira-release-party-las-mujeres-no-lloran.jpg?w=570&amp;h=322&amp;f=86c9ac2dfa5d45b4b170a7dc8e9e825e\" alt=\"Shakira in the release party of Las Mujeres No Lloran\" width=\"570\" height=\"322\" class=\"mapping-small\" loading=\"lazy\" \/><\/picture><\/a><\/figure><div class=\"content\"><div class=\"category \"><a href=\"\/\" class=\"active\"><\/a><\/div><h3><a href=\"\/shakiras-las-mujeres-ya-no-lloran-tour-ignites-travel-boom-across-charlotte-arlington-detroit-581868\">Shakira's \"Las Mujeres Ya No Lloran\" Tour Ignites Travel Boom Across Charlotte, Arlington, Detroit and More U.S. Cities<\/a><\/h3><summary>The Colombian superstar is taking her tour to the US starting May 13th. Shakira already broke several records during her concerts in Latin America.<\/summary><\/div><\/div><\/article><article class=\"page-\"><div class=\"Articles flex-sm\"><figure><a href=\"\/texas-execute-moises-mendoza-2004-rape-murder-young-mother-rachelle-tolleson-581537\"><picture width=\"570\" height=\"322\" class=\"mapping-small\">\r\n    <source type=\"image\/webp\" srcset=\"https:\/\/d.latintimes.com\/en\/full\/553849\/death-row-bed.webp?w=570&amp;h=322&amp;f=e3975e77ab811e540123e5a7fe8b79ba\"><img src=\"https:\/\/d.latintimes.com\/en\/full\/553849\/death-row-bed.jpg?w=570&amp;h=322&amp;f=e3975e77ab811e540123e5a7fe8b79ba\" alt=\"A death row bed\" width=\"570\" height=\"322\" class=\"mapping-small\" loading=\"lazy\" \/><\/picture><\/a><\/figure><div class=\"content\"><div class=\"category \"><a href=\"\/\" class=\"active\"><\/a><\/div><h3><a href=\"\/texas-execute-moises-mendoza-2004-rape-murder-young-mother-rachelle-tolleson-581537\">Texas to Execute Moises Mendoza for Violent Rape and Murder of Young Mother: 'I Turned Into The Devil'<\/a><\/h3><summary>Moises Sandoval Mendoza, 40, is scheduled for execution by lethal injection on Wednesday evening at the state penitentiary in Huntsville<\/summary><\/div><\/div><\/article><article class=\"page-\"><div class=\"Articles flex-sm\"><figure><a href=\"\/francis-pope-who-defied-trump-bitter-end-his-migrant-legacy-times-mass-deportations-581281\"><picture width=\"570\" height=\"322\" class=\"mapping-small\">\r\n    <source type=\"image\/webp\" srcset=\"https:\/\/d.latintimes.com\/en\/full\/574864\/pope-francis-donald-trump.webp?w=570&amp;h=322&amp;f=8a8a15b001c54ba02c5f817dd66188aa\"><img src=\"https:\/\/d.latintimes.com\/en\/full\/574864\/pope-francis-donald-trump.png?w=570&amp;h=322&amp;f=8a8a15b001c54ba02c5f817dd66188aa\" alt=\"Pope Francis and Donald Trump\" width=\"570\" height=\"322\" class=\"mapping-small\" loading=\"lazy\" \/><\/picture><\/a><\/figure><div class=\"content\"><div class=\"category \"><a href=\"\/\" class=\"active\"><\/a><\/div><h3><a href=\"\/francis-pope-who-defied-trump-bitter-end-his-migrant-legacy-times-mass-deportations-581281\">Francis, the Pope Who Defied Trump to the Bitter End: His Migrant Legacy in Times of Mass Deportations<\/a><\/h3><summary>Francis was a staunch defender of migrants and the most vulnerable. The first pope from Latin America died on Monday, April 21, at the age of 88. These were his messages.<\/summary><\/div><\/div><\/article><article class=\"page-\"><div class=\"Articles flex-sm\"><figure><a href=\"\/grieving-mother-demands-answers-after-infant-dies-south-texas-daycare-581249\"><picture width=\"570\" height=\"322\" class=\"mapping-small\">\r\n    <source type=\"image\/webp\" srcset=\"https:\/\/d.latintimes.com\/en\/full\/574830\/daycare-death-infant.webp?w=570&amp;h=322&amp;f=3cd25ef476405941e3b172d8513f75cb\"><img src=\"https:\/\/d.latintimes.com\/en\/full\/574830\/daycare-death-infant.jpg?w=570&amp;h=322&amp;f=3cd25ef476405941e3b172d8513f75cb\" alt=\"Daycare death infant\" width=\"570\" height=\"322\" class=\"mapping-small\" loading=\"lazy\" \/><\/picture><\/a><\/figure><div class=\"content\"><div class=\"category \"><a href=\"\/\" class=\"active\"><\/a><\/div><h3><a href=\"\/grieving-mother-demands-answers-after-infant-dies-south-texas-daycare-581249\">Grieving Mother Demands Answers After Infant Dies at South Texas Daycare: 'Where Was the Teacher?'<\/a><\/h3><summary>An autopsy revealed Liam's cause of death to be two respiratory illnesses<\/summary><\/div><\/div><\/article>"}