{"html":"<article class=\"page-\"><div class=\"Articles flex-sm\"><figure><a href=\"https:\/\/www.latintimes.com\/xabi-alonso-retires-and-transfers-bayern-munich-same-day-204378\"><picture width=\"466\" height=\"311\" class=\"mapping-small\">\r\n    <source type=\"image\/webp\" srcset=\"https:\/\/d.latintimes.com\/en\/full\/204377\/xabi-alonso.webp?w=466&amp;h=311&amp;f=a287c62d273d7581d3141d963f8f251f\"><img src=\"https:\/\/d.latintimes.com\/en\/full\/204377\/xabi-alonso.jpg?w=466&amp;h=311&amp;f=a287c62d273d7581d3141d963f8f251f\" alt=\"Xabi Alonso\" width=\"466\" height=\"311\" class=\"mapping-small\" loading=\"lazy\" \/><\/picture><\/a><\/figure><div class=\"content\"><div class=\"category \"><a href=\"\/\" class=\"active\"><\/a><\/div><h3><a href=\"https:\/\/www.latintimes.com\/xabi-alonso-retires-and-transfers-bayern-munich-same-day-204378\">Xabi Alonso Retires And Transfers To Bayern Munich On The Same Day!<\/a><\/h3><summary>Spanish midfielder Xabi Alonso, 32, had quite the day on Wednesday. In the morning he announced his retirement from Spanish football and by the afternoon he had been transferred from Real Madrid to Bayern Munich.<\/summary><\/div><\/div><\/article><article class=\"page-\"><div class=\"Articles flex-sm\"><figure><a href=\"https:\/\/www.latintimes.com\/oribe-peralta-extortion-sister-act-ends-they-are-imprisoned-after-blackmailing-el-hermoso-204353\"><picture width=\"466\" height=\"311\" class=\"mapping-small\">\r\n    <source type=\"image\/webp\" srcset=\"https:\/\/d.latintimes.com\/en\/full\/204358\/oribe-peralta.webp?w=466&amp;h=311&amp;f=aa0a8dc6192b4700fd38d64df6d01de0\"><img src=\"https:\/\/d.latintimes.com\/en\/full\/204358\/oribe-peralta.jpg?w=466&amp;h=311&amp;f=aa0a8dc6192b4700fd38d64df6d01de0\" alt=\"Oribe Peralta\" width=\"466\" height=\"311\" class=\"mapping-small\" loading=\"lazy\" \/><\/picture><\/a><\/figure><div class=\"content\"><div class=\"category \"><a href=\"\/\" class=\"active\"><\/a><\/div><h3><a href=\"https:\/\/www.latintimes.com\/oribe-peralta-extortion-sister-act-ends-they-are-imprisoned-after-blackmailing-el-hermoso-204353\">Oribe Peralta Extortion: Sister Act Ends As They Are Imprisoned After Blackmailing \u2018El Hermoso\u2019<\/a><\/h3><summary>Police arrested Natividad Arlem Torres and Mercedes Torres, two sisters who are charged with blackmailing and extorting El Tri soccer star Oribe Peralta on Wednesday. According to investigation documents, the sisters had compromising photos of Peralta that they took at a party in January.<\/summary><\/div><\/div><\/article><article class=\"page-\"><div class=\"Articles flex-sm\"><figure><a href=\"https:\/\/www.latintimes.com\/aaron-ramsey-curse-list-he-grim-reaper-soccer-every-time-he-scores-someone-famous-dies-204096\"><picture width=\"466\" height=\"311\" class=\"mapping-small\">\r\n    <source type=\"image\/webp\" srcset=\"https:\/\/d.latintimes.com\/en\/full\/204090\/aaron-ramsey-curse.webp?w=466&amp;h=311&amp;f=8dd1666bb35265b91d0f87cba8b802fa\"><img src=\"https:\/\/d.latintimes.com\/en\/full\/204090\/aaron-ramsey-curse.jpg?w=466&amp;h=311&amp;f=8dd1666bb35265b91d0f87cba8b802fa\" alt=\"Aaron Ramsey Curse\" width=\"466\" height=\"311\" class=\"mapping-small\" loading=\"lazy\" \/><\/picture><\/a><\/figure><div class=\"content\"><div class=\"category \"><a href=\"\/\" class=\"active\"><\/a><\/div><h3><a href=\"https:\/\/www.latintimes.com\/aaron-ramsey-curse-list-he-grim-reaper-soccer-every-time-he-scores-someone-famous-dies-204096\">Aaron Ramsey Curse List: Is He The Grim Reaper of Soccer? Every Time He Scores Someone Famous Dies! [VIDEO]<\/a><\/h3><summary>Arsenal's Aaron Ramsey might be the 'Grim Reaper of Soccer.' The striker has the unfortunate curse that each time he scores a goal, someone famous dies hours later.<\/summary><\/div><\/div><\/article><article class=\"page-\"><div class=\"Articles flex-sm\"><figure><a href=\"https:\/\/www.latintimes.com\/chivas-usa-star-striker-erick-cubo-torres-will-debut-el-tri-september-6th-203359\"><picture width=\"466\" height=\"311\" class=\"mapping-small\">\r\n    <source type=\"image\/webp\" srcset=\"https:\/\/d.latintimes.com\/en\/full\/203356\/cubo.webp?w=466&amp;h=311&amp;f=be39a24a6fbf56a76d60a283bf16f320\"><img src=\"https:\/\/d.latintimes.com\/en\/full\/203356\/cubo.jpg?w=466&amp;h=311&amp;f=be39a24a6fbf56a76d60a283bf16f320\" alt=\"Cubo\" width=\"466\" height=\"311\" class=\"mapping-small\" loading=\"lazy\" \/><\/picture><\/a><\/figure><div class=\"content\"><div class=\"category \"><a href=\"\/\" class=\"active\"><\/a><\/div><h3><a href=\"https:\/\/www.latintimes.com\/chivas-usa-star-striker-erick-cubo-torres-will-debut-el-tri-september-6th-203359\">Chivas USA Star Striker Erick \u2018Cubo\u2019 Torres Will Debut For El Tri on September 6th!<\/a><\/h3><summary>Chivas USA star Erick \"Cubo\" Torres has been called up to play for the Mexican National Team, El Tri, says head coach Miguel Herrera.<\/summary><\/div><\/div><\/article><article class=\"page-\"><div class=\"Articles flex-sm\"><figure><a href=\"https:\/\/www.latintimes.com\/fc-barcelona-transfer-news-brazilian-defender-douglas-be-last-transfer-catalans-until-2016-203351\"><picture width=\"466\" height=\"311\" class=\"mapping-small\">\r\n    <source type=\"image\/webp\" srcset=\"https:\/\/d.latintimes.com\/en\/full\/203349\/douglas.webp?w=466&amp;h=311&amp;f=8e31c0a08f90c4d639e39fa82ee80159\"><img src=\"https:\/\/d.latintimes.com\/en\/full\/203349\/douglas.jpg?w=466&amp;h=311&amp;f=8e31c0a08f90c4d639e39fa82ee80159\" alt=\"Douglas\" width=\"466\" height=\"311\" class=\"mapping-small\" loading=\"lazy\" \/><\/picture><\/a><\/figure><div class=\"content\"><div class=\"category \"><a href=\"\/\" class=\"active\"><\/a><\/div><h3><a href=\"https:\/\/www.latintimes.com\/fc-barcelona-transfer-news-brazilian-defender-douglas-be-last-transfer-catalans-until-2016-203351\">FC Barcelona Transfer News: Brazilian Defender Douglas To Be Last Transfer For Catalans Until 2016<\/a><\/h3><summary>FC Barcelona's transfer for Brazilian defender Douglas will go through despite the team's two term transfer ban being upheld by the Court of Arbitration for Sport last week.<\/summary><\/div><\/div><\/article><article class=\"page-\"><div class=\"Articles flex-sm\"><figure><a href=\"https:\/\/www.latintimes.com\/manchester-uniteds-new-transfer-marcos-rojo-could-go-prison-ever-taking-pitch-old-trafford-203344\"><picture width=\"466\" height=\"311\" class=\"mapping-small\">\r\n    <source type=\"image\/webp\" srcset=\"https:\/\/d.latintimes.com\/en\/full\/203337\/marcos-rojo.webp?w=466&amp;h=311&amp;f=bd2065bb1fa4b7d72cba12c4fa53d586\"><img src=\"https:\/\/d.latintimes.com\/en\/full\/203337\/marcos-rojo.jpg?w=466&amp;h=311&amp;f=bd2065bb1fa4b7d72cba12c4fa53d586\" alt=\"Marcos Rojo\" width=\"466\" height=\"311\" class=\"mapping-small\" loading=\"lazy\" \/><\/picture><\/a><\/figure><div class=\"content\"><div class=\"category \"><a href=\"\/\" class=\"active\"><\/a><\/div><h3><a href=\"https:\/\/www.latintimes.com\/manchester-uniteds-new-transfer-marcos-rojo-could-go-prison-ever-taking-pitch-old-trafford-203344\">Manchester United\u2019s New Transfer, Marcos Rojo Could Go To Prison Before Ever Taking The Pitch For Old Trafford<\/a><\/h3><summary>Manchester United\u2019s newest transfer, Marcos Rojo, is facing up to one year in prison for an assault incident that took place in November 2010 in Argentina.<\/summary><\/div><\/div><\/article><article class=\"page-\"><div class=\"Articles flex-sm\"><figure><a href=\"https:\/\/www.latintimes.com\/cameroonian-soccer-player-albert-ebosse-killed-rock-throwing-fan-shocking-video-203331\"><picture width=\"466\" height=\"311\" class=\"mapping-small\">\r\n    <source type=\"image\/webp\" srcset=\"https:\/\/d.latintimes.com\/en\/full\/203328\/albert-ebosse.webp?w=466&amp;h=311&amp;f=eea88d3ee797310c1e047c869d804ca5\"><img src=\"https:\/\/d.latintimes.com\/en\/full\/203328\/albert-ebosse.jpg?w=466&amp;h=311&amp;f=eea88d3ee797310c1e047c869d804ca5\" alt=\"Albert Ebosse\" width=\"466\" height=\"311\" class=\"mapping-small\" loading=\"lazy\" \/><\/picture><\/a><\/figure><div class=\"content\"><div class=\"category \"><a href=\"\/\" class=\"active\"><\/a><\/div><h3><a href=\"https:\/\/www.latintimes.com\/cameroonian-soccer-player-albert-ebosse-killed-rock-throwing-fan-shocking-video-203331\">Cameroonian Soccer Player Albert Ebosse Killed By Rock Throwing Fan [SHOCKING VIDEO]<\/a><\/h3><summary>24-year-old Cameroonian soccer player Albert Ebosse was killed on Saturday in Tizi Ouzo, Algeria by a fan who threw a rock after his team, JS Kabylie lost to USM Algier 2-1.<\/summary><\/div><\/div><\/article><article class=\"page-\"><div class=\"Articles flex-sm\"><figure><a href=\"https:\/\/www.latintimes.com\/watch-real-madrids-cristiano-ronaldo-punch-atleticos-diego-godin-face-203323\"><picture width=\"466\" height=\"311\" class=\"mapping-small\">\r\n    <source type=\"image\/webp\" srcset=\"https:\/\/d.latintimes.com\/en\/full\/203322\/ronaldo-punch.webp?w=466&amp;h=311&amp;f=9dfa6003939802d508eb0d21c25db6c8\"><img src=\"https:\/\/d.latintimes.com\/en\/full\/203322\/ronaldo-punch.jpg?w=466&amp;h=311&amp;f=9dfa6003939802d508eb0d21c25db6c8\" alt=\"Ronaldo punch\" width=\"466\" height=\"311\" class=\"mapping-small\" loading=\"lazy\" \/><\/picture><\/a><\/figure><div class=\"content\"><div class=\"category \"><a href=\"\/\" class=\"active\"><\/a><\/div><h3><a href=\"https:\/\/www.latintimes.com\/watch-real-madrids-cristiano-ronaldo-punch-atleticos-diego-godin-face-203323\">Watch Real Madrid\u2019s Cristiano Ronaldo Punch Atl\u00e9tico\u2019s Diego God\u00edn In The Face!<\/a><\/h3><summary>Real Madrid's Cristiano Ronaldo got physical with Atl\u00e9tico\u2019s Diego God\u00edn in their 1-0 loss in the final leg of the Supercopa de Espa\u00f1a on Friday.<\/summary><\/div><\/div><\/article><article class=\"page-\"><div class=\"Articles flex-sm\"><figure><a href=\"https:\/\/www.latintimes.com\/manchester-united-transfer-news-done-deal-angel-di-maria-headed-old-trafford-record-203316\"><picture width=\"466\" height=\"311\" class=\"mapping-small\">\r\n    <source type=\"image\/webp\" srcset=\"https:\/\/d.latintimes.com\/en\/full\/203313\/angel-di-maria.webp?w=466&amp;h=311&amp;f=ccc9186acf643503fed522b18c230348\"><img src=\"https:\/\/d.latintimes.com\/en\/full\/203313\/angel-di-maria.jpg?w=466&amp;h=311&amp;f=ccc9186acf643503fed522b18c230348\" alt=\"Angel Di Maria\" width=\"466\" height=\"311\" class=\"mapping-small\" loading=\"lazy\" \/><\/picture><\/a><\/figure><div class=\"content\"><div class=\"category \"><a href=\"\/\" class=\"active\"><\/a><\/div><h3><a href=\"https:\/\/www.latintimes.com\/manchester-united-transfer-news-done-deal-angel-di-maria-headed-old-trafford-record-203316\">Manchester United Transfer News: Done Deal; Angel Di Maria Is Headed To Old Trafford In Record Transfer [POLL]<\/a><\/h3><summary>Angel Di Maria has agreed to transfer to Manchester United in a record breaking deal for the English club.<\/summary><\/div><\/div><\/article><article class=\"page-\"><div class=\"Articles flex-sm\"><figure><a href=\"https:\/\/www.latintimes.com\/atletico-madrid-vs-real-madrid-supercopa-de-espana-game-summary-highlights-and-recap-203066\"><picture width=\"466\" height=\"311\" class=\"mapping-small\">\r\n    <source type=\"image\/webp\" srcset=\"https:\/\/d.latintimes.com\/en\/full\/203063\/atletico-wins.webp?w=466&amp;h=311&amp;f=4f4b1cc2ca33bc1853d2398f44ba37f3\"><img src=\"https:\/\/d.latintimes.com\/en\/full\/203063\/atletico-wins.jpg?w=466&amp;h=311&amp;f=4f4b1cc2ca33bc1853d2398f44ba37f3\" alt=\"Atletico wins!\" width=\"466\" height=\"311\" class=\"mapping-small\" loading=\"lazy\" \/><\/picture><\/a><\/figure><div class=\"content\"><div class=\"category \"><a href=\"\/\" class=\"active\"><\/a><\/div><h3><a href=\"https:\/\/www.latintimes.com\/atletico-madrid-vs-real-madrid-supercopa-de-espana-game-summary-highlights-and-recap-203066\">Atl\u00e9tico Madrid Vs. Real Madrid Supercopa de Espana Game Summary, Highlights And Recap: Mexican Midfielder, Ra\u00fal Jim\u00e9nez, Helps Atl\u00e9ti Stun Their Rivals 1-0. [VIDEO]<\/a><\/h3><summary>Atl\u00e9tico Madrid defeated their bitter rivals, Real Madrid 1-0 (2-1) on aggregate with an absolutely stunning defensive performance.<\/summary><\/div><\/div><\/article><article class=\"page-\"><div class=\"Articles flex-sm\"><figure><a href=\"https:\/\/www.latintimes.com\/atletico-madrid-transfer-rumors-bayern-munich-offers-45-million-uruguays-diego-godin-202892\"><picture width=\"466\" height=\"311\" class=\"mapping-small\">\r\n    <source type=\"image\/webp\" srcset=\"https:\/\/d.latintimes.com\/en\/full\/202890\/diego-godin.webp?w=466&amp;h=311&amp;f=0266ca7db34e455f1918e6601965524e\"><img src=\"https:\/\/d.latintimes.com\/en\/full\/202890\/diego-godin.jpg?w=466&amp;h=311&amp;f=0266ca7db34e455f1918e6601965524e\" alt=\"Diego Godin\" width=\"466\" height=\"311\" class=\"mapping-small\" loading=\"lazy\" \/><\/picture><\/a><\/figure><div class=\"content\"><div class=\"category \"><a href=\"\/\" class=\"active\"><\/a><\/div><h3><a href=\"https:\/\/www.latintimes.com\/atletico-madrid-transfer-rumors-bayern-munich-offers-45-million-uruguays-diego-godin-202892\">Atletico Madrid Transfer Rumors: Bayern Munich Offers $45 Million For Uruguay\u2019s Diego God\u00edn<\/a><\/h3><summary>According to reports, Bayern has offered Atl\u00e9tico Madrid $45 million dollars for Uruguayan defenseman, Diego God\u00edn.<\/summary><\/div><\/div><\/article><article class=\"page-\"><div class=\"Articles flex-sm\"><figure><a href=\"https:\/\/www.latintimes.com\/should-i-stay-or-should-i-go-real-madrids-angel-di-maria-tells-team-he-wants-leave-despite-202876\"><picture width=\"466\" height=\"311\" class=\"mapping-small\">\r\n    <source type=\"image\/webp\" srcset=\"https:\/\/d.latintimes.com\/en\/full\/202873\/angel-di-maria.webp?w=466&amp;h=311&amp;f=ccebcbd996212f96db088851379bf6d1\"><img src=\"https:\/\/d.latintimes.com\/en\/full\/202873\/angel-di-maria.jpg?w=466&amp;h=311&amp;f=ccebcbd996212f96db088851379bf6d1\" alt=\"Angel Di Maria\" width=\"466\" height=\"311\" class=\"mapping-small\" loading=\"lazy\" \/><\/picture><\/a><\/figure><div class=\"content\"><div class=\"category \"><a href=\"\/\" class=\"active\"><\/a><\/div><h3><a href=\"https:\/\/www.latintimes.com\/should-i-stay-or-should-i-go-real-madrids-angel-di-maria-tells-team-he-wants-leave-despite-202876\">Should I Stay Or Should I Go? Real Madrid\u2019s Angel Di Maria Tells Team He Wants To Leave Despite Teammate Cristiano Ronaldo Asking Him To Stay [POLL]<\/a><\/h3><summary>Despite superstars and teammates like Cristiano Ronaldo telling Real Madrid not to transfer Angel Di Maria, the Argentine winger told the club he wants to leave. Where will he be transferred to?<\/summary><\/div><\/div><\/article><article class=\"page-\"><div class=\"Articles flex-sm\"><figure><a href=\"https:\/\/www.latintimes.com\/liverpool-transfer-rumors-mario-balotelli-leaving-milan-english-premier-league-club-202789\"><picture width=\"466\" height=\"311\" class=\"mapping-small\">\r\n    <source type=\"image\/webp\" srcset=\"https:\/\/d.latintimes.com\/en\/full\/202787\/mario-balotelli.webp?w=466&amp;h=311&amp;f=40f2cf0a2e65c191d7e1d782c612a11a\"><img src=\"https:\/\/d.latintimes.com\/en\/full\/202787\/mario-balotelli.jpg?w=466&amp;h=311&amp;f=40f2cf0a2e65c191d7e1d782c612a11a\" alt=\"Mario Balotelli\" width=\"466\" height=\"311\" class=\"mapping-small\" loading=\"lazy\" \/><\/picture><\/a><\/figure><div class=\"content\"><div class=\"category \"><a href=\"\/\" class=\"active\"><\/a><\/div><h3><a href=\"https:\/\/www.latintimes.com\/liverpool-transfer-rumors-mario-balotelli-leaving-milan-english-premier-league-club-202789\">Liverpool Transfer Rumors: Mario Balotelli Is Leaving Milan For English Premier League Club<\/a><\/h3><summary>Italian striker and global superstar Mario Balotelli is headed back to the English Premier League where he will lace up his cleats for Liverpool this season<\/summary><\/div><\/div><\/article><article class=\"page-\"><div class=\"Articles flex-sm\"><figure><a href=\"https:\/\/www.latintimes.com\/los-angeles-angels-ace-garrett-richards-out-6-9-months-torn-left-patellar-tendon-202761\"><picture width=\"466\" height=\"311\" class=\"mapping-small\">\r\n    <source type=\"image\/webp\" srcset=\"https:\/\/d.latintimes.com\/en\/full\/202759\/garrett-richards-pitching.webp?w=466&amp;h=311&amp;f=edb0bf1a441cadf6972ada43366d7126\"><img src=\"https:\/\/d.latintimes.com\/en\/full\/202759\/garrett-richards-pitching.jpg?w=466&amp;h=311&amp;f=edb0bf1a441cadf6972ada43366d7126\" alt=\"Garrett Richards Pitching\" width=\"466\" height=\"311\" class=\"mapping-small\" loading=\"lazy\" \/><\/picture><\/a><\/figure><div class=\"content\"><div class=\"category \"><a href=\"\/\" class=\"active\"><\/a><\/div><h3><a href=\"https:\/\/www.latintimes.com\/los-angeles-angels-ace-garrett-richards-out-6-9-months-torn-left-patellar-tendon-202761\">Los Angeles Angels Ace Garrett Richards Out 6-9 Months With Torn Left Patellar Tendon<\/a><\/h3><summary>The Angels who currently are in first place in the American League West and post the best record in baseball have lost the ace of their pitching staff, newcomer, Garret Richards. . MRI results today confirmed that Richards has a torn patellar tendon and will be out for the next six to nine months.<\/summary><\/div><\/div><\/article><article class=\"page-\"><div class=\"Articles flex-sm\"><figure><a href=\"https:\/\/www.latintimes.com\/tottenham-hotspur-transfer-rumors-chicharito-headed-white-hart-lane-poll-202529\"><picture width=\"466\" height=\"311\" class=\"mapping-small\">\r\n    <source type=\"image\/webp\" srcset=\"https:\/\/d.latintimes.com\/en\/full\/202526\/chicharito.webp?w=466&amp;h=311&amp;f=e221f0587435e89caaa7e878bd3cb2f7\"><img src=\"https:\/\/d.latintimes.com\/en\/full\/202526\/chicharito.jpg?w=466&amp;h=311&amp;f=e221f0587435e89caaa7e878bd3cb2f7\" alt=\"Chicharito\" width=\"466\" height=\"311\" class=\"mapping-small\" loading=\"lazy\" \/><\/picture><\/a><\/figure><div class=\"content\"><div class=\"category \"><a href=\"\/\" class=\"active\"><\/a><\/div><h3><a href=\"https:\/\/www.latintimes.com\/tottenham-hotspur-transfer-rumors-chicharito-headed-white-hart-lane-poll-202529\">Tottenham Hotspur Transfer Rumors: Is Chicharito Headed To White Hart Lane? [POLL]<\/a><\/h3><summary>Manchester United teammates Javier \"Chicharito\" Hern\u00e1ndez and Marouane Fellani headed to the Tottenham Hotspurs in exchange for over $40 million.<\/summary><\/div><\/div><\/article><article class=\"page-\"><div class=\"Articles flex-sm\"><figure><a href=\"https:\/\/www.latintimes.com\/move-over-jimmie-johnson-nascar-adding-latino-driver-202519\"><picture width=\"466\" height=\"311\" class=\"mapping-small\">\r\n    <source type=\"image\/webp\" srcset=\"https:\/\/d.latintimes.com\/en\/full\/202518\/daniel-suarez.webp?w=466&amp;h=311&amp;f=4216dd42d19e98931f13c8a3e8164ce8\"><img src=\"https:\/\/d.latintimes.com\/en\/full\/202518\/daniel-suarez.jpg?w=466&amp;h=311&amp;f=4216dd42d19e98931f13c8a3e8164ce8\" alt=\"Daniel Suarez\" width=\"466\" height=\"311\" class=\"mapping-small\" loading=\"lazy\" \/><\/picture><\/a><\/figure><div class=\"content\"><div class=\"category \"><a href=\"\/\" class=\"active\"><\/a><\/div><h3><a href=\"https:\/\/www.latintimes.com\/move-over-jimmie-johnson-nascar-adding-latino-driver-202519\">Move Over Jimmie Johnson, NASCAR Is Adding A Latino Driver!<\/a><\/h3><summary>Mexican driver Daniel Suarez made history on Wednesday when he became the first ever full-time Latino driver in NASCAR.<\/summary><\/div><\/div><\/article><article class=\"page-\"><div class=\"Articles flex-sm\"><figure><a href=\"https:\/\/www.latintimes.com\/los-angeles-dodgers-vs-san-diego-padres-game-summary-recap-and-highlights-dodgers-lose-202513\"><picture width=\"466\" height=\"311\" class=\"mapping-small\">\r\n    <source type=\"image\/webp\" srcset=\"https:\/\/d.latintimes.com\/en\/full\/202511\/padres-beat-dodgers.webp?w=466&amp;h=311&amp;f=cedc89f19244465d2475d0f7b7a360d6\"><img src=\"https:\/\/d.latintimes.com\/en\/full\/202511\/padres-beat-dodgers.jpg?w=466&amp;h=311&amp;f=cedc89f19244465d2475d0f7b7a360d6\" alt=\"Padres beat Dodgers\" width=\"466\" height=\"311\" class=\"mapping-small\" loading=\"lazy\" \/><\/picture><\/a><\/figure><div class=\"content\"><div class=\"category \"><a href=\"\/\" class=\"active\"><\/a><\/div><h3><a href=\"https:\/\/www.latintimes.com\/los-angeles-dodgers-vs-san-diego-padres-game-summary-recap-and-highlights-dodgers-lose-202513\">Los Angeles Dodgers Vs. San Diego Padres Game Summary, Recap And Highlights: Dodgers Lose Game, Lead Over Giants Down To Three<\/a><\/h3><summary>The San Diego Padres beat the Los Angeles Dodgers on Wednesday night in the process, helped shrink the strangle hold LA had over the NL West's San Francisco Giants to three games.<\/summary><\/div><\/div><\/article><article class=\"page-\"><div class=\"Articles flex-sm\"><figure><a href=\"https:\/\/www.latintimes.com\/real-madrids-goalkeeper-iker-casillas-given-spanish-snub-teammate-alvaro-arbeloa-video-202247\"><picture width=\"466\" height=\"311\" class=\"mapping-small\">\r\n    <source type=\"image\/webp\" srcset=\"https:\/\/d.latintimes.com\/en\/full\/202246\/iker-casillas.webp?w=466&amp;h=311&amp;f=215a0ba43fea7b7a94f0e91bbb27e8ee\"><img src=\"https:\/\/d.latintimes.com\/en\/full\/202246\/iker-casillas.jpg?w=466&amp;h=311&amp;f=215a0ba43fea7b7a94f0e91bbb27e8ee\" alt=\"Iker Casillas\" width=\"466\" height=\"311\" class=\"mapping-small\" loading=\"lazy\" \/><\/picture><\/a><\/figure><div class=\"content\"><div class=\"category \"><a href=\"\/\" class=\"active\"><\/a><\/div><h3><a href=\"https:\/\/www.latintimes.com\/real-madrids-goalkeeper-iker-casillas-given-spanish-snub-teammate-alvaro-arbeloa-video-202247\">Real Madrid\u2019s Goalkeeper Iker Casillas Is Given The \u2018Spanish Snub\u2019 By Teammate Alvaro Arbeloa [VIDEO]<\/a><\/h3><summary>The feud between Real Madrid teammates Alvaro Arbeloa and Captain Iker Casillas has been well documented over the years including a spat on social media this summer. However, the feud took a cruel turn publicly on Tuesday when Arbeloa purposely ignored his teammate in front of ESPN's cameras. Take a look at the video and see for yourself.<\/summary><\/div><\/div><\/article><article class=\"page-\"><div class=\"Articles flex-sm\"><figure><a href=\"https:\/\/www.latintimes.com\/watch-fabian-klos-and-dillon-serna-score-goals-year-same-day-videos-202221\"><picture width=\"466\" height=\"311\" class=\"mapping-small\">\r\n    <source type=\"image\/webp\" srcset=\"https:\/\/d.latintimes.com\/en\/full\/202220\/dillon-serna.webp?w=466&amp;h=311&amp;f=939100404bce162f62f3cb731e7c849d\"><img src=\"https:\/\/d.latintimes.com\/en\/full\/202220\/dillon-serna.jpg?w=466&amp;h=311&amp;f=939100404bce162f62f3cb731e7c849d\" alt=\"Dillon Serna\" width=\"466\" height=\"311\" class=\"mapping-small\" loading=\"lazy\" \/><\/picture><\/a><\/figure><div class=\"content\"><div class=\"category \"><a href=\"\/\" class=\"active\"><\/a><\/div><h3><a href=\"https:\/\/www.latintimes.com\/watch-fabian-klos-and-dillon-serna-score-goals-year-same-day-videos-202221\">Watch Fabian Klos And Dillon Serna Score The Goals Of The Year On The Same Day! [VIDEOS]<\/a><\/h3><summary>German Striker Fabian Klos and Colorado Rapids midfielder, Dillon Serna scored the goals of the year on Monday just hours apart from each other. Take a look at these majestic goals for yourself in the videos below.<\/summary><\/div><\/div><\/article><article class=\"page-\"><div class=\"Articles flex-sm\"><figure><a href=\"https:\/\/www.latintimes.com\/brazilian-soccer-legend-pele-scores-marriage-hat-trick-video-202215\"><picture width=\"466\" height=\"311\" class=\"mapping-small\">\r\n    <source type=\"image\/webp\" srcset=\"https:\/\/d.latintimes.com\/en\/full\/202205\/pele-marcia-aoki.webp?w=466&amp;h=311&amp;l=50&amp;t=30&amp;f=ea3fb497106bcb7e4548e857ce879a51\"><img src=\"https:\/\/d.latintimes.com\/en\/full\/202205\/pele-marcia-aoki.jpg?w=466&amp;h=311&amp;l=50&amp;t=30&amp;f=ea3fb497106bcb7e4548e857ce879a51\" alt=\"Pele and Marcia Aoki\" width=\"466\" height=\"311\" class=\"mapping-small\" loading=\"lazy\" \/><\/picture><\/a><\/figure><div class=\"content\"><div class=\"category \"><a href=\"\/\" class=\"active\"><\/a><\/div><h3><a href=\"https:\/\/www.latintimes.com\/brazilian-soccer-legend-pele-scores-marriage-hat-trick-video-202215\">Brazilian Soccer Legend Pel\u00e9 Scores A Marriage Hat Trick [VIDEO]<\/a><\/h3><summary>Brazilian soccer legend Pel\u00e9 who was a global ambassador for the World Cup that took place in his home country last month has announced that he will marry his long time girlfriend, Marcia Aoki later this year.<\/summary><\/div><\/div><\/article><article class=\"page-\"><div class=\"Articles flex-sm\"><figure><a href=\"https:\/\/www.latintimes.com\/rafa-nadal-withdraws-us-open-says-he-will-be-back-when-im-ready-play-video-202201\"><picture width=\"466\" height=\"311\" class=\"mapping-small\">\r\n    <source type=\"image\/webp\" srcset=\"https:\/\/d.latintimes.com\/en\/full\/202200\/nadal.webp?w=466&amp;h=311&amp;f=5abfc6f9ac799dd800c9f6e16bf61aeb\"><img src=\"https:\/\/d.latintimes.com\/en\/full\/202200\/nadal.jpg?w=466&amp;h=311&amp;f=5abfc6f9ac799dd800c9f6e16bf61aeb\" alt=\"nadal\" width=\"466\" height=\"311\" class=\"mapping-small\" loading=\"lazy\" \/><\/picture><\/a><\/figure><div class=\"content\"><div class=\"category \"><a href=\"\/\" class=\"active\"><\/a><\/div><h3><a href=\"https:\/\/www.latintimes.com\/rafa-nadal-withdraws-us-open-says-he-will-be-back-when-im-ready-play-video-202201\">Rafa Nadal Withdraws From US Open; Says He Will Be \u2018Back When I\u2019m Ready To Play\u2019 [VIDEO]<\/a><\/h3><summary>The defending U.S. Open Champion, Rafa Nadal announced that he will not be defending his title in New York this year. Nadal who injured his right wrist last month, was seen in Madrd on Tuesday watching the Real Madrid vs. Atletico Madrid Supercopa de Espana match.<\/summary><\/div><\/div><\/article><article class=\"page-\"><div class=\"Articles flex-sm\"><figure><a href=\"https:\/\/www.latintimes.com\/real-madrid-vs-atletico-madrid-supercopa-de-espana-game-summary-recap-and-highlights-202174\"><picture width=\"466\" height=\"311\" class=\"mapping-small\">\r\n    <source type=\"image\/webp\" srcset=\"https:\/\/d.latintimes.com\/en\/full\/202183\/raul-garcia.webp?w=466&amp;h=311&amp;f=1a86b7aab185fae907b8178491d41691\"><img src=\"https:\/\/d.latintimes.com\/en\/full\/202183\/raul-garcia.jpg?w=466&amp;h=311&amp;f=1a86b7aab185fae907b8178491d41691\" alt=\"Raul Garcia\" width=\"466\" height=\"311\" class=\"mapping-small\" loading=\"lazy\" \/><\/picture><\/a><\/figure><div class=\"content\"><div class=\"category \"><a href=\"\/\" class=\"active\"><\/a><\/div><h3><a href=\"https:\/\/www.latintimes.com\/real-madrid-vs-atletico-madrid-supercopa-de-espana-game-summary-recap-and-highlights-202174\">Real Madrid Vs. Atletico Madrid Supercopa de Espana Game Summary, Recap And Highlights: Atletico Madrid Stuns Rival Real Madrid With A Late Goal to Draw 1-1 [VIDEO]<\/a><\/h3><summary>Atletico Madrid scored a surprise draw against rival Real Madrid in the first leg of the Supercopa de Espana on Tuesday. James Rodriguez came in for an injured Cristiano Ronaldo and scored his first ever goal for Real, but it would not be enough as Raul Garcia netted the equalizer for Atletico just minutes later.<\/summary><\/div><\/div><\/article><article class=\"page-\"><div class=\"Articles flex-sm\"><figure><a href=\"https:\/\/www.latintimes.com\/fc-barcelona-vs-leon-game-highlights-watch-amazing-goal-scored-neymar-one-month-after-202018\"><picture width=\"466\" height=\"311\" class=\"mapping-small\">\r\n    <source type=\"image\/webp\" srcset=\"https:\/\/d.latintimes.com\/en\/full\/202016\/neymar.webp?w=466&amp;h=311&amp;f=54e5863ab21ed6b7fac5c24343b511ab\"><img src=\"https:\/\/d.latintimes.com\/en\/full\/202016\/neymar.jpg?w=466&amp;h=311&amp;f=54e5863ab21ed6b7fac5c24343b511ab\" alt=\"Neymar\" width=\"466\" height=\"311\" class=\"mapping-small\" loading=\"lazy\" \/><\/picture><\/a><\/figure><div class=\"content\"><div class=\"category \"><a href=\"\/\" class=\"active\"><\/a><\/div><h3><a href=\"https:\/\/www.latintimes.com\/fc-barcelona-vs-leon-game-highlights-watch-amazing-goal-scored-neymar-one-month-after-202018\">FC Barcelona Vs. Leon Game Highlights: Watch This Amazing Goal Scored By Neymar One Month After Fracturing A Vertebrae In His Back! [VIDEO]<\/a><\/h3><summary>Brazilian Striker Neymar made his return to the pitch on Monday for FC Barcelona, and he did not disappoint! Less than a month after fracturing a vertebrae in his back that took him out of the World Cup, Neymar scored one of the more amazing goals you will ever see!<\/summary><\/div><\/div><\/article><article class=\"page-\"><div class=\"Articles flex-sm\"><figure><a href=\"https:\/\/www.latintimes.com\/real-madrid-vs-atletico-madrid-supercopa-de-espana-final-preview-predictions-and-betting-202001\"><picture width=\"466\" height=\"311\" class=\"mapping-small\">\r\n    <source type=\"image\/webp\" srcset=\"https:\/\/d.latintimes.com\/en\/full\/201997\/real-madrid.webp?w=466&amp;h=311&amp;f=cc316b3b4373498cb19a73f78a28d00c\"><img src=\"https:\/\/d.latintimes.com\/en\/full\/201997\/real-madrid.jpg?w=466&amp;h=311&amp;f=cc316b3b4373498cb19a73f78a28d00c\" alt=\"Real Madrid\" width=\"466\" height=\"311\" class=\"mapping-small\" loading=\"lazy\" \/><\/picture><\/a><\/figure><div class=\"content\"><div class=\"category \"><a href=\"\/\" class=\"active\"><\/a><\/div><h3><a href=\"https:\/\/www.latintimes.com\/real-madrid-vs-atletico-madrid-supercopa-de-espana-final-preview-predictions-and-betting-202001\">Real Madrid Vs. Atletico Madrid Supercopa de Espana Final Preview, Predictions, And Betting Odds: City Rivals Clash Again In Champions League Rematch<\/a><\/h3><summary>Bitter rivals clash on Tuesday when the battle for city supremacy opens its next chapter in the Supercopa de Espana. Real Madrid and Atletico Madrid will meet for the first time of the new season in what will be a rematch of last season\u2019s UEFA Champions League Final from May.<\/summary><\/div><\/div><\/article><article class=\"page-\"><div class=\"Articles flex-sm\"><figure><a href=\"https:\/\/www.latintimes.com\/fc-barcelona-news-luis-suarez-returns-pitch-first-time-biting-italian-defender-world-cup-201969\"><picture width=\"466\" height=\"311\" class=\"mapping-small\">\r\n    <source type=\"image\/webp\" srcset=\"https:\/\/d.latintimes.com\/en\/full\/201963\/suarez-debut.webp?w=466&amp;h=311&amp;f=f1c5e55027b9f2ae1c0a55e966a78296\"><img src=\"https:\/\/d.latintimes.com\/en\/full\/201963\/suarez-debut.jpg?w=466&amp;h=311&amp;f=f1c5e55027b9f2ae1c0a55e966a78296\" alt=\"Suarez Debut\" width=\"466\" height=\"311\" class=\"mapping-small\" loading=\"lazy\" \/><\/picture><\/a><\/figure><div class=\"content\"><div class=\"category \"><a href=\"\/\" class=\"active\"><\/a><\/div><h3><a href=\"https:\/\/www.latintimes.com\/fc-barcelona-news-luis-suarez-returns-pitch-first-time-biting-italian-defender-world-cup-201969\">FC Barcelona News: Luis Suarez Returns To Pitch For First Time Since Biting Italian Defender At World Cup\u00a0<\/a><\/h3><summary>Luis \u201cThe Cannibal\u201d Suarez made his FC Barcelona debut on Monday in the Catalan club\u2019s 6-0 rout over Mexican champion, club Leon. Suarez came off the bench with the game already in hand and played the final 13 minutes of the match.<\/summary><\/div><\/div><\/article><article class=\"page-\"><div class=\"Articles flex-sm\"><figure><a href=\"https:\/\/www.latintimes.com\/fc-barcelona-vs-leon-game-summary-recap-and-highlights-neymar-returns-dramatic-fashion-201950\"><picture width=\"466\" height=\"311\" class=\"mapping-small\">\r\n    <source type=\"image\/webp\" srcset=\"https:\/\/d.latintimes.com\/en\/full\/201947\/neymar-barcelona.webp?w=466&amp;h=311&amp;f=782c71276a7282b145c2354d205b5bb2\"><img src=\"https:\/\/d.latintimes.com\/en\/full\/201947\/neymar-barcelona.jpg?w=466&amp;h=311&amp;f=782c71276a7282b145c2354d205b5bb2\" alt=\"Neymar Barcelona\" width=\"466\" height=\"311\" class=\"mapping-small\" loading=\"lazy\" \/><\/picture><\/a><\/figure><div class=\"content\"><div class=\"category \"><a href=\"\/\" class=\"active\"><\/a><\/div><h3><a href=\"https:\/\/www.latintimes.com\/fc-barcelona-vs-leon-game-summary-recap-and-highlights-neymar-returns-dramatic-fashion-201950\">FC Barcelona Vs. Leon Game Summary, Recap And Highlights: Neymar Returns In Dramatic Fashion As Barca dominates 6-0. [VIDEO]<\/a><\/h3><summary>FC Bareclona unveiled their new super team on Monday with a dominate win over Mexican champion Leon in front of a capacity crowd at Camp Nou. The match was the debut and return of Neymar and Messi, in addition to the first action for Luis Suarez since his controversial bite at the World Cup.<\/summary><\/div><\/div><\/article><article class=\"page-\"><div class=\"Articles flex-sm\"><figure><a href=\"https:\/\/www.latintimes.com\/saul-canelo-alvarez-fight-december-who-will-be-his-opponent-201935\"><picture width=\"466\" height=\"311\" class=\"mapping-small\">\r\n    <source type=\"image\/webp\" srcset=\"https:\/\/d.latintimes.com\/en\/full\/201933\/canelo-alvarez.webp?w=466&amp;h=311&amp;f=b96b3ebd1091588de9ed048ad7414bec\"><img src=\"https:\/\/d.latintimes.com\/en\/full\/201933\/canelo-alvarez.jpg?w=466&amp;h=311&amp;f=b96b3ebd1091588de9ed048ad7414bec\" alt=\"Canelo Alvarez\" width=\"466\" height=\"311\" class=\"mapping-small\" loading=\"lazy\" \/><\/picture><\/a><\/figure><div class=\"content\"><div class=\"category \"><a href=\"\/\" class=\"active\"><\/a><\/div><h3><a href=\"https:\/\/www.latintimes.com\/saul-canelo-alvarez-fight-december-who-will-be-his-opponent-201935\">Sa\u00fal \u2018Canelo\u2019 \u00c1lvarez To Fight In December; Who Will Be His Opponent?<\/a><\/h3><summary>Canelo \u00c1lvarez and Golden Boy Promotions have announced that Canelo will fight in December in either Los Angeles or San Antonio.<\/summary><\/div><\/div><\/article><article class=\"page-\"><div class=\"Articles flex-sm\"><figure><a href=\"https:\/\/www.latintimes.com\/atletico-madrid-transfer-news-mexicos-raul-jimenez-becomes-most-expensive-player-historic-201551\"><picture width=\"466\" height=\"311\" class=\"mapping-small\">\r\n    <source type=\"image\/webp\" srcset=\"https:\/\/d.latintimes.com\/en\/full\/201550\/raul-jimenez.webp?w=466&amp;h=311&amp;f=30221cdc07db3503c5eba160fa2936b3\"><img src=\"https:\/\/d.latintimes.com\/en\/full\/201550\/raul-jimenez.jpg?w=466&amp;h=311&amp;f=30221cdc07db3503c5eba160fa2936b3\" alt=\"Raul Jimenez\" width=\"466\" height=\"311\" class=\"mapping-small\" loading=\"lazy\" \/><\/picture><\/a><\/figure><div class=\"content\"><div class=\"category \"><a href=\"\/\" class=\"active\"><\/a><\/div><h3><a href=\"https:\/\/www.latintimes.com\/atletico-madrid-transfer-news-mexicos-raul-jimenez-becomes-most-expensive-player-historic-201551\">Atl\u00e9tico Madrid Transfer News: Mexico's Ra\u00fal Jim\u00e9nez Becomes Most Expensive Player In Historic Move [VIDEO]<\/a><\/h3><summary>Mexican striker, Ra\u00fal Jimenez became the most expensive player in Mexican history when Am\u00e9rica announced they transferred their young star to Atl\u00e9tico Madrid for an estimated $14 million dollars.<\/summary><\/div><\/div><\/article><article class=\"page-\"><div class=\"Articles flex-sm\"><figure><a href=\"https:\/\/www.latintimes.com\/wwe-summerslam-2014-former-ufc-champion-brock-lesnar-destroys-john-cena-most-lopsided-bout-201537\"><picture width=\"466\" height=\"311\" class=\"mapping-small\">\r\n    <source type=\"image\/webp\" srcset=\"https:\/\/d.latintimes.com\/en\/full\/201535\/brock-lesnar.webp?w=466&amp;h=311&amp;l=50&amp;t=35&amp;f=982f86682b29472917bc131321f4fdc9\"><img src=\"https:\/\/d.latintimes.com\/en\/full\/201535\/brock-lesnar.jpg?w=466&amp;h=311&amp;l=50&amp;t=35&amp;f=982f86682b29472917bc131321f4fdc9\" alt=\"Brock Lesnar\" width=\"466\" height=\"311\" class=\"mapping-small\" loading=\"lazy\" \/><\/picture><\/a><\/figure><div class=\"content\"><div class=\"category \"><a href=\"\/\" class=\"active\"><\/a><\/div><h3><a href=\"https:\/\/www.latintimes.com\/wwe-summerslam-2014-former-ufc-champion-brock-lesnar-destroys-john-cena-most-lopsided-bout-201537\">WWE SummerSlam 2014: Former UFC Champion Brock Lesnar Destroys John Cena In Most Lopsided Bout Ever To Become The New World Heavyweight Champion<\/a><\/h3><summary>Brock Lesnar defeated John Cena at the WWW's SummerSlam from Los Angeles on Sunday. Lesnar dominated Cena in one of the most lopsided matches ever to win the WWE World Heavyweight Championship for the first time in ten years.<\/summary><\/div><\/div><\/article><article class=\"page-\"><div class=\"Articles flex-sm\"><figure><a href=\"https:\/\/www.latintimes.com\/wwes-darren-young-injury-update-first-openly-gay-wrestler-return-ring-soon-video-201494\"><picture width=\"466\" height=\"311\" class=\"mapping-small\">\r\n    <source type=\"image\/webp\" srcset=\"https:\/\/d.latintimes.com\/en\/full\/201492\/darren-young.webp?w=466&amp;h=311&amp;l=50&amp;t=30&amp;f=f9d8ef59dc1b0427e48347152183dac5\"><img src=\"https:\/\/d.latintimes.com\/en\/full\/201492\/darren-young.jpg?w=466&amp;h=311&amp;l=50&amp;t=30&amp;f=f9d8ef59dc1b0427e48347152183dac5\" alt=\"Darren Young\" width=\"466\" height=\"311\" class=\"mapping-small\" loading=\"lazy\" \/><\/picture><\/a><\/figure><div class=\"content\"><div class=\"category \"><a href=\"\/\" class=\"active\"><\/a><\/div><h3><a href=\"https:\/\/www.latintimes.com\/wwes-darren-young-injury-update-first-openly-gay-wrestler-return-ring-soon-video-201494\">WWE\u2019s Darren Young Injury Update: First Openly Gay Wrestler To Return To The Ring Soon [VIDEO]<\/a><\/h3><summary>WWE Superstar, Darren Young, became the first openly gay professional wrestler when he came out just before Summer Slam last year. Young tore his ACL a few months later just as his fame and popularity within the sport began to grow. As Summer Slam 2014 just finished, we learned that Young will be returning to the ring soon!<\/summary><\/div><\/div><\/article>"}