{"html":"<article class=\"page-\"><div class=\"Articles flex-sm\"><figure><a href=\"\/latin-women-sports-mariana-la-barby-juarez-proof-that-mother-can-have-it-both-ways-553999\"><picture width=\"570\" height=\"322\" class=\"mapping-small\">\r\n    <source type=\"image\/webp\" srcset=\"https:\/\/d.latintimes.com\/en\/full\/552747\/mariana-la-barby-juarez-mexico.webp?w=570&amp;h=322&amp;f=7011c737dd1fc34aa7eb089d453e3232\"><img src=\"https:\/\/d.latintimes.com\/en\/full\/552747\/mariana-la-barby-juarez-mexico.png?w=570&amp;h=322&amp;f=7011c737dd1fc34aa7eb089d453e3232\" alt=\"Mariana &quot;La Barby&quot; Ju\u00e1rez, Mexico\" width=\"570\" height=\"322\" class=\"mapping-small\" loading=\"lazy\" \/><\/picture><\/a><\/figure><div class=\"content\"><div class=\"category \"><a href=\"\/\" class=\"active\"><\/a><\/div><h3><a href=\"\/latin-women-sports-mariana-la-barby-juarez-proof-that-mother-can-have-it-both-ways-553999\">Latin Women In Sports: Mariana \"La Barby\" Ju\u00e1rez is proof that a mother can have it both ways<\/a><\/h3><summary>Ju\u00e1rez says that her daughter is her main motivation to get up and train every morning; her 56 wins are the most by any female boxer in the history of the sport<\/summary><\/div><\/div><\/article><article class=\"page-\"><div class=\"Articles flex-sm\"><figure><a href=\"\/canelo-alvarez-secures-unanimous-decision-vs-mungui-keeps-super-middleweight-titles-553783\"><picture width=\"570\" height=\"322\" class=\"mapping-small\">\r\n    <source type=\"image\/webp\" srcset=\"https:\/\/d.latintimes.com\/en\/full\/552503\/saul-canelo-alvarez-jaime-munguia.webp?w=570&amp;h=322&amp;f=b80dc182bb750212e42eced470b8d0e2\"><img src=\"https:\/\/d.latintimes.com\/en\/full\/552503\/saul-canelo-alvarez-jaime-munguia.png?w=570&amp;h=322&amp;f=b80dc182bb750212e42eced470b8d0e2\" alt=\"Sa\u00fal &#039;Canelo&#039; \u00c1lvarez, Jaime Munguia\" width=\"570\" height=\"322\" class=\"mapping-small\" loading=\"lazy\" \/><\/picture><\/a><\/figure><div class=\"content\"><div class=\"category \"><a href=\"\/\" class=\"active\"><\/a><\/div><h3><a href=\"\/canelo-alvarez-secures-unanimous-decision-vs-mungui-keeps-super-middleweight-titles-553783\">'Canelo' \u00c1lvarez secures unanimous decision vs Mungu\u00eda, keeps super middleweight titles<\/a><\/h3><summary>\u00c1lvarez retains his super middleweight belts and gives Mungu\u00eda the first loss of his professional boxing career<\/summary><\/div><\/div><\/article><article class=\"page-\"><div class=\"Articles flex-sm\"><figure><a href=\"\/saul-canelo-alvarez-puts-his-undisputed-super-middleweight-title-line-against-jaime-mungui-553744\"><picture width=\"570\" height=\"322\" class=\"mapping-small\">\r\n    <source type=\"image\/webp\" srcset=\"https:\/\/d.latintimes.com\/en\/full\/552501\/saul-canelo-alvarez.webp?w=570&amp;h=322&amp;f=7d200d9c44536aae0c5dff453bd4542f\"><img src=\"https:\/\/d.latintimes.com\/en\/full\/552501\/saul-canelo-alvarez.jpg?w=570&amp;h=322&amp;f=7d200d9c44536aae0c5dff453bd4542f\" alt=\"Sa\u00fal Canelo \u00c1lvarez\" width=\"570\" height=\"322\" class=\"mapping-small\" loading=\"lazy\" \/><\/picture><\/a><\/figure><div class=\"content\"><div class=\"category \"><a href=\"\/\" class=\"active\"><\/a><\/div><h3><a href=\"\/saul-canelo-alvarez-puts-his-undisputed-super-middleweight-title-line-against-jaime-mungui-553744\">Sa\u00fal 'Canelo' \u00c1lvarez puts his undisputed super-middleweight title on the line against Jaime Mungu\u00eda<\/a><\/h3><summary>\u00c1lvarez will fight against a Mexican boxer for the first time since 2017; this will be Mungu\u00eda's third fight at the super-middleweight division<\/summary><\/div><\/div><\/article><article class=\"page-\"><div class=\"Articles flex-sm\"><figure><a href=\"\/canelo-alvarez-oscar-de-la-hoya-continue-their-public-beef-electric-press-conference-553776\"><picture width=\"570\" height=\"322\" class=\"mapping-small\">\r\n    <source type=\"image\/webp\" srcset=\"https:\/\/d.latintimes.com\/en\/full\/552479\/canelo-alvarez.webp?w=570&amp;h=322&amp;f=37b3c22c7fa478c9904f1a9eeb92645b\"><img src=\"https:\/\/d.latintimes.com\/en\/full\/552479\/canelo-alvarez.jpg?w=570&amp;h=322&amp;f=37b3c22c7fa478c9904f1a9eeb92645b\" alt=\"Canelo \u00c1lvarez\" width=\"570\" height=\"322\" class=\"mapping-small\" loading=\"lazy\" \/><\/picture><\/a><\/figure><div class=\"content\"><div class=\"category \"><a href=\"\/\" class=\"active\"><\/a><\/div><h3><a href=\"\/canelo-alvarez-oscar-de-la-hoya-continue-their-public-beef-electric-press-conference-553776\">Canelo \u00c1lvarez and Oscar de La Hoya continue their public beef at electric press conference<\/a><\/h3><summary>De La Hoya issued a cease-and-desist letter against \u00c1lvarez, arguing that his remarks were \"defamatory allegations\"<\/summary><\/div><\/div><\/article><article class=\"page-\"><div class=\"Articles flex-sm\"><figure><a href=\"\/trouble-ryan-garcis-corner-he-tested-positive-peds-ahead-fight-against-devin-haney-553731\"><picture width=\"570\" height=\"322\" class=\"mapping-small\">\r\n    <source type=\"image\/webp\" srcset=\"https:\/\/d.latintimes.com\/en\/full\/552425\/ryan-garcia-boxing.webp?w=570&amp;h=322&amp;f=337933522d700de11742cde8ca8fa968\"><img src=\"https:\/\/d.latintimes.com\/en\/full\/552425\/ryan-garcia-boxing.jpg?w=570&amp;h=322&amp;f=337933522d700de11742cde8ca8fa968\" alt=\"Ryan Garcia, Boxing\" width=\"570\" height=\"322\" class=\"mapping-small\" loading=\"lazy\" \/><\/picture><\/a><\/figure><div class=\"content\"><div class=\"category \"><a href=\"\/\" class=\"active\"><\/a><\/div><h3><a href=\"\/trouble-ryan-garcis-corner-he-tested-positive-peds-ahead-fight-against-devin-haney-553731\">Trouble in Ryan Garc\u00eda's corner: he tested positive for PEDs ahead of fight against Devin Haney<\/a><\/h3><summary>Garc\u00eda has 10 days to request another test on his B-sample; he defeated Haney on April 20 via majority decision<\/summary><\/div><\/div><\/article><article class=\"page-\"><div class=\"Articles flex-sm\"><figure><a href=\"\/alvarez-de-la-hoya-trade-barbs-off-ring-ahead-canelos-fight-mungui-las-vegas-553540\">    <span class=\"video-link\">\r\n    <picture width=\"570\" height=\"322\" class=\"mapping-small\">\r\n    <source type=\"image\/webp\" srcset=\"https:\/\/d.latintimes.com\/en\/full\/552277\/saul-canelo-alvarez-oscar-de-la-hoya.webp?w=570&amp;h=322&amp;f=6a70ced5d2dad788b0926852e542c768\"><img src=\"https:\/\/d.latintimes.com\/en\/full\/552277\/saul-canelo-alvarez-oscar-de-la-hoya.png?w=570&amp;h=322&amp;f=6a70ced5d2dad788b0926852e542c768\" alt=\"Sa\u00fal &#039;Canelo&#039; \u00c1lvarez, Oscar De La Hoya\" width=\"570\" height=\"322\" class=\"mapping-small\" loading=\"lazy\" \/><\/picture>    <\/span>\r\n  <\/a><\/figure><div class=\"content\"><div class=\"category \"><a href=\"\/\" class=\"active\"><\/a><\/div><h3><a href=\"\/alvarez-de-la-hoya-trade-barbs-off-ring-ahead-canelos-fight-mungui-las-vegas-553540\">\u00c1lvarez, De la Hoya trade barbs off the ring ahead of Canelo's fight with Mungu\u00eda in Las Vegas<\/a><\/h3><summary>The animosity between De La Hoya and Sa\u00fal \u00c1lvarez intensifies one week away from Canelo-Mungu\u00eda<\/summary><\/div><\/div><\/article><article class=\"page-\"><div class=\"Articles flex-sm\"><figure><a href=\"\/highlight-reel-career-glimpse-saul-canelo-alvarezs-greatest-knockouts-552686\"><picture width=\"570\" height=\"322\" class=\"mapping-small\">\r\n    <source type=\"image\/webp\" srcset=\"https:\/\/d.latintimes.com\/en\/full\/551596\/saul-canelo-alvarez.webp?w=570&amp;h=322&amp;f=78ea811e231280ea4421ed4d1272dc3b\"><img src=\"https:\/\/d.latintimes.com\/en\/full\/551596\/saul-canelo-alvarez.jpg?w=570&amp;h=322&amp;f=78ea811e231280ea4421ed4d1272dc3b\" alt=\"Sa\u00fal &#039;Canelo&#039; \u00c1lvarez\" width=\"570\" height=\"322\" class=\"mapping-small\" loading=\"lazy\" \/><\/picture><\/a><\/figure><div class=\"content\"><div class=\"category \"><a href=\"\/\" class=\"active\"><\/a><\/div><h3><a href=\"\/highlight-reel-career-glimpse-saul-canelo-alvarezs-greatest-knockouts-552686\">Highlight Reel Career: A Glimpse into Sa\u00fal 'Canelo' \u00c1lvarez's Greatest Knockouts<\/a><\/h3><summary>The Mexican champion has won 60 of the 64 bouts in his professional career; 39 of them via KO<\/summary><\/div><\/div><\/article><article class=\"page-\"><div class=\"Articles flex-sm\"><figure><a href=\"\/latin-women-sports-costa-ricas-yokasta-valle-champion-inside-outside-ring-552554\"><picture width=\"570\" height=\"322\" class=\"mapping-small\">\r\n    <source type=\"image\/webp\" srcset=\"https:\/\/d.latintimes.com\/en\/full\/551419\/yokasta-valle-united-nations.webp?w=570&amp;h=322&amp;f=1a248f5561d62b6471366bc141e5aa5a\"><img src=\"https:\/\/d.latintimes.com\/en\/full\/551419\/yokasta-valle-united-nations.png?w=570&amp;h=322&amp;f=1a248f5561d62b6471366bc141e5aa5a\" alt=\"Yokasta Valle, United Nations\" width=\"570\" height=\"322\" class=\"mapping-small\" loading=\"lazy\" \/><\/picture><\/a><\/figure><div class=\"content\"><div class=\"category \"><a href=\"\/\" class=\"active\"><\/a><\/div><h3><a href=\"\/latin-women-sports-costa-ricas-yokasta-valle-champion-inside-outside-ring-552554\">Latin Women In Sports: Costa Rica's Yokasta Valle Is a Champion Inside and Outside The Ring<\/a><\/h3><summary>The boxer has been a world champion since 2016; \"there's nothing a woman can't do\"<\/summary><\/div><\/div><\/article><article class=\"page-\"><div class=\"Articles flex-sm\"><figure><a href=\"\/saul-canelo-alvarez-shifts-stance-facing-mexican-boxers-keeps-door-open-fighting-jake-paul-552341\"><picture width=\"570\" height=\"322\" class=\"mapping-small\">\r\n    <source type=\"image\/webp\" srcset=\"https:\/\/d.latintimes.com\/en\/full\/551266\/saul-canelo-alvarez.webp?w=570&amp;h=322&amp;f=91b5dbe645d41c858b6674159002e681\"><img src=\"https:\/\/d.latintimes.com\/en\/full\/551266\/saul-canelo-alvarez.png?w=570&amp;h=322&amp;f=91b5dbe645d41c858b6674159002e681\" alt=\"Sa\u00fal &#039;Canelo&#039; \u00c1lvarez\" width=\"570\" height=\"322\" class=\"mapping-small\" loading=\"lazy\" \/><\/picture><\/a><\/figure><div class=\"content\"><div class=\"category \"><a href=\"\/\" class=\"active\"><\/a><\/div><h3><a href=\"\/saul-canelo-alvarez-shifts-stance-facing-mexican-boxers-keeps-door-open-fighting-jake-paul-552341\">Sa\u00fal 'Canelo' \u00c1lvarez Shifts Stance on Facing Mexican Boxers, Keeps Door Open to Fighting Jake Paul<\/a><\/h3><summary>The undisputed middleweight champion continues to prepare for his May 4 fight against Munguia; says a fight vs Paul could take place at the end of his career<\/summary><\/div><\/div><\/article><article class=\"page-\"><div class=\"Articles flex-sm\"><figure><a href=\"\/former-four-division-champion-roberto-duran-discharged-hospital-after-receiving-pacemaker-552296\"><picture width=\"570\" height=\"322\" class=\"mapping-small\">\r\n    <source type=\"image\/webp\" srcset=\"https:\/\/d.latintimes.com\/en\/full\/551226\/roberto-duran-panama.webp?w=570&amp;h=322&amp;f=a15b2ed731a51fdb7cd7198df24029ec\"><img src=\"https:\/\/d.latintimes.com\/en\/full\/551226\/roberto-duran-panama.png?w=570&amp;h=322&amp;f=a15b2ed731a51fdb7cd7198df24029ec\" alt=\"Roberto Dur\u00e1n, Panam\u00e1\" width=\"570\" height=\"322\" class=\"mapping-small\" loading=\"lazy\" \/><\/picture><\/a><\/figure><div class=\"content\"><div class=\"category \"><a href=\"\/\" class=\"active\"><\/a><\/div><h3><a href=\"\/former-four-division-champion-roberto-duran-discharged-hospital-after-receiving-pacemaker-552296\">Former Four-Division Champion Roberto Dur\u00e1n Discharged From Hospital After Receiving Pacemaker<\/a><\/h3><summary>\"Manos de Piedra\" spent the past weekend hospitalized because of an atrioventricular blockage<\/summary><\/div><\/div><\/article><article class=\"page-\"><div class=\"Articles flex-sm\"><figure><a href=\"\/seven-years-later-saul-canelo-alvarez-will-fight-latino-boxer-again-552000\"><picture width=\"570\" height=\"322\" class=\"mapping-small\">\r\n    <source type=\"image\/webp\" srcset=\"https:\/\/d.latintimes.com\/en\/full\/550934\/saul-canelo-alvarez.webp?w=570&amp;h=322&amp;f=c1c715e765c1661237de3b36614020bc\"><img src=\"https:\/\/d.latintimes.com\/en\/full\/550934\/saul-canelo-alvarez.png?w=570&amp;h=322&amp;f=c1c715e765c1661237de3b36614020bc\" alt=\"Sa\u00fal &#039;Canelo&#039; \u00c1lvarez\" width=\"570\" height=\"322\" class=\"mapping-small\" loading=\"lazy\" \/><\/picture><\/a><\/figure><div class=\"content\"><div class=\"category \"><a href=\"\/\" class=\"active\"><\/a><\/div><h3><a href=\"\/seven-years-later-saul-canelo-alvarez-will-fight-latino-boxer-again-552000\">Seven Years Later, Sa\u00fal 'Canelo' \u00c1lvarez Will Fight a Latino Boxer Again<\/a><\/h3><summary>His bout with Jaime Munguia is scheduled for May 4 in Las Vegas. 'Canelo' will put his super middleweight belts on the line<\/summary><\/div><\/div><\/article><article class=\"page-\"><div class=\"Articles flex-sm\"><figure><a href=\"\/saul-canelo-alvarez-announces-his-next-fight-it-will-take-place-during-cinco-de-mayo-week-551251\"><picture width=\"570\" height=\"322\" class=\"mapping-small\">\r\n    <source type=\"image\/webp\" srcset=\"https:\/\/d.latintimes.com\/en\/full\/544005\/canelo.webp?w=570&amp;h=322&amp;f=d22e49712649cc22a587430ca952d7c7\"><img src=\"https:\/\/d.latintimes.com\/en\/full\/544005\/canelo.png?w=570&amp;h=322&amp;f=d22e49712649cc22a587430ca952d7c7\" alt=\"Canelo\" width=\"570\" height=\"322\" class=\"mapping-small\" loading=\"lazy\" \/><\/picture><\/a><\/figure><div class=\"content\"><div class=\"category \"><a href=\"\/\" class=\"active\"><\/a><\/div><h3><a href=\"\/saul-canelo-alvarez-announces-his-next-fight-it-will-take-place-during-cinco-de-mayo-week-551251\">Saul 'Canelo' \u00c1lvarez Announces His Next Fight: It Will Take Place During 'Cinco de Mayo' Week<\/a><\/h3><summary>'Canelo' has fought eight previous times in 'Cinco de Mayo' week, with a record of 7 wins and 1 loss.<\/summary><\/div><\/div><\/article><article class=\"page-\"><div class=\"Articles flex-sm\"><figure><a href=\"\/latin-women-sports-amanda-serrano-champion-off-ring-550460\"><picture width=\"570\" height=\"322\" class=\"mapping-small\">\r\n    <source type=\"image\/webp\" srcset=\"https:\/\/d.latintimes.com\/en\/full\/549466\/amanda-serrano.webp?w=570&amp;h=322&amp;f=d284faa6b42d4cb58251bc3e2ef46eca\"><img src=\"https:\/\/d.latintimes.com\/en\/full\/549466\/amanda-serrano.jpg?w=570&amp;h=322&amp;f=d284faa6b42d4cb58251bc3e2ef46eca\" alt=\"Amanda Serrano\" width=\"570\" height=\"322\" class=\"mapping-small\" loading=\"lazy\" \/><\/picture><\/a><\/figure><div class=\"content\"><div class=\"category \"><a href=\"\/\" class=\"active\"><\/a><\/div><h3><a href=\"\/latin-women-sports-amanda-serrano-champion-off-ring-550460\">Latin Women In Sports: Amanda Serrano is a Champion On and Off the Ring<\/a><\/h3><summary>The legendary boxer is the only woman to have won world titles in seven different weight divisions and is also the only Puerto Rican to be an unified champion.<\/summary><\/div><\/div><\/article><article class=\"page-\"><div class=\"Articles flex-sm\"><figure><a href=\"\/tale-tape-ryan-garcia-vs-oscar-duarte-face-off-houston-549379\"><picture width=\"570\" height=\"322\" class=\"mapping-small\">\r\n    <source type=\"image\/webp\" srcset=\"https:\/\/d.latintimes.com\/en\/full\/548301\/ryan-garcia-vs-oscar-duarte.webp?w=570&amp;h=322&amp;f=1b61d0c8b8062c16109dfe691e591f05\"><img src=\"https:\/\/d.latintimes.com\/en\/full\/548301\/ryan-garcia-vs-oscar-duarte.png?w=570&amp;h=322&amp;f=1b61d0c8b8062c16109dfe691e591f05\" alt=\"Ryan Garcia vs Oscar Duarte\" width=\"570\" height=\"322\" class=\"mapping-small\" loading=\"lazy\" \/><\/picture><\/a><\/figure><div class=\"content\"><div class=\"category \"><a href=\"\/\" class=\"active\"><\/a><\/div><h3><a href=\"\/tale-tape-ryan-garcia-vs-oscar-duarte-face-off-houston-549379\">Tale of the Tape: Ryan Garcia vs Oscar Duarte Face Off in Houston<\/a><\/h3><summary>Both Hispanic boxers are looking for that punch that could reignite their respective careers<\/summary><\/div><\/div><\/article><article class=\"page-\"><div class=\"Articles flex-sm\"><figure><a href=\"\/mexican-star-saul-canelo-alvarez-beats-jermell-charlo-remain-super-middleweight-king-546881\"><picture width=\"570\" height=\"322\" class=\"mapping-small\">\r\n    <source type=\"image\/webp\" srcset=\"https:\/\/d.latintimes.com\/en\/full\/545496\/saul-canelo-alvarez.webp?w=570&amp;h=322&amp;f=8f4afb986b198a90f1fb89a37419ab07\"><img src=\"https:\/\/d.latintimes.com\/en\/full\/545496\/saul-canelo-alvarez.jpg?w=570&amp;h=322&amp;f=8f4afb986b198a90f1fb89a37419ab07\" alt=\"Sa\u00fal Canelo \u00c1lvarez\" width=\"570\" height=\"322\" class=\"mapping-small\" loading=\"lazy\" \/><\/picture><\/a><\/figure><div class=\"content\"><div class=\"category \"><a href=\"\/\" class=\"active\"><\/a><\/div><h3><a href=\"\/mexican-star-saul-canelo-alvarez-beats-jermell-charlo-remain-super-middleweight-king-546881\">Mexican Star Sa\u00fal 'Canelo' \u00c1lvarez Beats Jermell Charlo to Remain Super Middleweight King<\/a><\/h3><summary>Charlo, fighting above the 154-pound limit for the first time, never found an attacking rhythm as Alvarez dictated the pace, effectively cut off the ring and consistently backed his opponent up.<\/summary><\/div><\/div><\/article><article class=\"page-\"><div class=\"Articles flex-sm\"><figure><a href=\"\/still-without-opponent-saul-canelo-alvarez-announces-he-will-fight-september-545155\"><picture width=\"570\" height=\"322\" class=\"mapping-small\">\r\n    <source type=\"image\/webp\" srcset=\"https:\/\/d.latintimes.com\/en\/full\/544005\/canelo.webp?w=570&amp;h=322&amp;f=d22e49712649cc22a587430ca952d7c7\"><img src=\"https:\/\/d.latintimes.com\/en\/full\/544005\/canelo.png?w=570&amp;h=322&amp;f=d22e49712649cc22a587430ca952d7c7\" alt=\"Canelo\" width=\"570\" height=\"322\" class=\"mapping-small\" loading=\"lazy\" \/><\/picture><\/a><\/figure><div class=\"content\"><div class=\"category \"><a href=\"\/\" class=\"active\"><\/a><\/div><h3><a href=\"\/still-without-opponent-saul-canelo-alvarez-announces-he-will-fight-september-545155\">Still Without an Opponent: Sa\u00fal \"Canelo\" \u00c1lvarez Announces He Will Fight in September<\/a><\/h3><summary>The 12-time Mexican champion Saul Canelo Alvarez returns to the ring in September to celebrate Independence Day with no defined opponent.<\/summary><\/div><\/div><\/article>"}